{"id":159,"date":"2020-07-15T14:43:10","date_gmt":"2020-07-15T14:43:10","guid":{"rendered":"http:\/\/wild-und-gruen.com\/?p=159"},"modified":"2021-03-29T18:35:18","modified_gmt":"2021-03-29T18:35:18","slug":"private-events","status":"publish","type":"post","link":"https:\/\/wild-und-gruen.com\/?p=159","title":{"rendered":"Teilnehmer*innen-Stimmen"},"content":{"rendered":"\n<figure class=\"wp-block-gallery columns-1 is-cropped wp-block-gallery-1 is-layout-flex wp-block-gallery-is-layout-flex\"><ul class=\"blocks-gallery-grid\"><li class=\"blocks-gallery-item\"><figure><img loading=\"lazy\" decoding=\"async\" width=\"1024\" height=\"768\" src=\"https:\/\/wild-und-gruen.com\/wp-content\/uploads\/2020\/07\/Essbare-Wildpflanzen33-1024x768.jpg\" alt=\"\" data-id=\"247\" data-full-url=\"https:\/\/wild-und-gruen.com\/wp-content\/uploads\/2020\/07\/Essbare-Wildpflanzen33.jpg\" data-link=\"https:\/\/wild-und-gruen.com\/?attachment_id=247\" class=\"wp-image-247\" srcset=\"https:\/\/wild-und-gruen.com\/wp-content\/uploads\/2020\/07\/Essbare-Wildpflanzen33-1024x768.jpg 1024w, https:\/\/wild-und-gruen.com\/wp-content\/uploads\/2020\/07\/Essbare-Wildpflanzen33-300x225.jpg 300w, https:\/\/wild-und-gruen.com\/wp-content\/uploads\/2020\/07\/Essbare-Wildpflanzen33-768x576.jpg 768w\" sizes=\"auto, (max-width: 1024px) 100vw, 1024px\" \/><\/figure><\/li><\/ul><\/figure>\n\n\n\n<p><br><strong>Sabine Rogg, Kommunikationswissenschaftlerin<\/strong> \u201eIch habe bei Gita schon drei Kurse gemacht, zwei Wildkr\u00e4uter-Seminare und ein R\u00e4ucher-Seminar.Alle drei waren ganz toll und ich mache bestimmt noch mehr.\u00a0Gita hat eine super angenehme entspannte Art und ihr Wissens- und Erfahrungsschatz ist einfach riesig!\u201c<\/p>\n\n\n\n<p><br><strong>Andrea Lackus,<\/strong>\u00a0 \u201eSei es beim gemeinsamen Salben r\u00fchren, Kr\u00e4uterwandern oder R\u00e4uchern, mit Gita\u2019s Hilfe konnte ich mein Wissen \u00fcber Pflanzen und deren Anwendung auf k\u00f6rperlicher und seelischer Ebene stetig vertiefen.\u201c<\/p>\n\n\n\n<p><br><strong>Maria Sauer<\/strong>, Ich habe bei Gita schon viele, viele verschiedene Wildkr\u00e4uter-Seminare mitgemacht \u00fcber die Jahre und ich kann nur sagen, da stimmt einfach alles!!!! Ihr gro\u00dfes Wissen \u00fcber die Planzen, ihre Verwendung in der K\u00fcche und als Heilkr\u00e4uter und das Herstellen von allerlei Leckerem und Wohltuendem f\u00fcr K\u00f6rper und Seele vermittelt Gita in einer so liebevollen, lockeren, inspirierenden und praktisch erfahrbaren Atmosph\u00e4re, dass ich jedes Mal ganz gl\u00fccklich und reich beschenkt mit neuem Wissen, Erfahrungen und sch\u00f6nen gemeinsamen Erlebnissen nach Hause gefahren bin.<br>Besonders gut gef\u00e4llt mir, dass wir bei jedem Seminar gleich drau\u00dfen in der Natur die gesammelten Wildkr\u00e4uter zu Leckereien verarbeitet und diese dann gemeinsam genossen haben. So bekommt man gleich Ideen f\u00fcr zu Hause und ist motiviert, selbst ein bisschen zu experimentieren\u2026<br>Auch der Salbenkurs ist unglaublich interessant. Ich habe viel \u00fcber die Haut und die M\u00f6glichkeiten, ihr mit ganz nat\u00fcrlichen Mitteln etwas Gutes zu tun, erfahren. Und auch dort haben wir wahre Sch\u00e4tze hergestellt, die nicht nur mich erfreut haben, sondern sich auch als sch\u00f6ne Geschenke wunderbar eignen.<br>Danke liebe Gita, ich komme wieder : )<\/p>\n\n\n\n<p><strong>Sandra Joseph, Leiterin einer KITA<\/strong> \u201eDie Wildkr\u00e4uterspazierg\u00e4nge mit Gita durch den Perlacher Forst sind wunderbar nachhaltig,\u00a0 inspirierend und lehrreich.\u00a0So viel Leidenschaft, Begeisterung, Wissen und Charme ist gro\u00dfartig &#8211; und das Beste kommt immer zum Schlu\u00df: \u201eEin unglaublich liebevoll vorbereitetes Dinner unter freiem Himmel!\u201c<br>Das ist Genuss Plus \ud83d\ude42\u00a0So sch\u00f6n, dass Du Dein Wissen und Deine Hilfe bei der Erkennung der Heilpflanzen auch per WhatsApp so gro\u00dfz\u00fcgig weitergibst.Ganz gro\u00dfen Dank!\u201c<\/p>\n","protected":false},"excerpt":{"rendered":"<p>Sabine Rogg, Kommunikationswissenschaftlerin \u201eIch habe bei Gita schon drei Kurse gemacht, zwei Wildkr\u00e4uter-Seminare und ein R\u00e4ucher-Seminar.Alle drei waren ganz toll und ich mache bestimmt noch mehr.\u00a0Gita hat eine super angenehme entspannte Art und ihr Wissens- und Erfahrungsschatz ist einfach riesig!\u201c Andrea Lackus,\u00a0 \u201eSei es beim gemeinsamen Salben r\u00fchren, Kr\u00e4uterwandern oder R\u00e4uchern, mit Gita\u2019s Hilfe konnte&hellip;<\/p>\n","protected":false},"author":1,"featured_media":247,"comment_status":"closed","ping_status":"closed","sticky":false,"template":"","format":"standard","meta":{"footnotes":""},"categories":[5],"tags":[27,8,7,28,30,23,22,9,33,35,37,36,25,24,20,21,6,29,10,32,26,34,31,38],"class_list":["post-159","post","type-post","status-publish","format-standard","has-post-thumbnail","hentry","category-________","tag-essbare-wildkraeuter-in-muenchen","tag-essbare-wildpflanzen","tag-heilkraeuter","tag-heilkraeuter-sammeln-in-muenchen","tag-heilkraeuterseminare-in-muenchen","tag-heilpflanzen-muenchen-de","tag-kraeuterwanderung-muenchen-de","tag-kraeuterwanderung","tag-kraeuterwanderung-in-muenchen","tag-kraeuterwanderungen-fuer-kinder","tag-kraeuterwanderungen-mit-gita-von-wild-und-gruen-in-muenchen","tag-private-kraeuterwanderungen-als-ihr-event","tag-private-wildkraeuterwanderung-als-ihr-event","tag-wild-und-gruen-com","tag-wildkraeuter-muenchen-de","tag-wildkraeuterseminare-de","tag-wildkraeuter","tag-wildkraeuter-bestimmen-in-muenchen","tag-wildkraeuterseminar","tag-wildkraeuterseminare-in-muenchen","tag-wildkraeuterspaziergang-in-muenchen","tag-wildkraeuterwanderung-in-muenchen","tag-wildkraeuterwanderungen-fuer-kinder","tag-wildkraeuterwanderungen-mit-gita-von-wild-und-gruen-in-muenchen","comments-closed","no-comments"],"_links":{"self":[{"href":"https:\/\/wild-und-gruen.com\/index.php?rest_route=\/wp\/v2\/posts\/159","targetHints":{"allow":["GET"]}}],"collection":[{"href":"https:\/\/wild-und-gruen.com\/index.php?rest_route=\/wp\/v2\/posts"}],"about":[{"href":"https:\/\/wild-und-gruen.com\/index.php?rest_route=\/wp\/v2\/types\/post"}],"author":[{"embeddable":true,"href":"https:\/\/wild-und-gruen.com\/index.php?rest_route=\/wp\/v2\/users\/1"}],"replies":[{"embeddable":true,"href":"https:\/\/wild-und-gruen.com\/index.php?rest_route=%2Fwp%2Fv2%2Fcomments&post=159"}],"version-history":[{"count":19,"href":"https:\/\/wild-und-gruen.com\/index.php?rest_route=\/wp\/v2\/posts\/159\/revisions"}],"predecessor-version":[{"id":861,"href":"https:\/\/wild-und-gruen.com\/index.php?rest_route=\/wp\/v2\/posts\/159\/revisions\/861"}],"wp:featuredmedia":[{"embeddable":true,"href":"https:\/\/wild-und-gruen.com\/index.php?rest_route=\/wp\/v2\/media\/247"}],"wp:attachment":[{"href":"https:\/\/wild-und-gruen.com\/index.php?rest_route=%2Fwp%2Fv2%2Fmedia&parent=159"}],"wp:term":[{"taxonomy":"category","embeddable":true,"href":"https:\/\/wild-und-gruen.com\/index.php?rest_route=%2Fwp%2Fv2%2Fcategories&post=159"},{"taxonomy":"post_tag","embeddable":true,"href":"https:\/\/wild-und-gruen.com\/index.php?rest_route=%2Fwp%2Fv2%2Ftags&post=159"}],"curies":[{"name":"wp","href":"https:\/\/api.w.org\/{rel}","templated":true}]}}